{"id":119,"date":"2012-12-03T16:25:12","date_gmt":"2012-12-03T14:25:12","guid":{"rendered":"http:\/\/www.serdaroztop.com\/?p=119"},"modified":"2012-12-03T16:25:12","modified_gmt":"2012-12-03T14:25:12","slug":"akin-eldesserdar-oztopmask-live-beyoglu-26122012-2200","status":"publish","type":"post","link":"https:\/\/www.serdaroztop.com\/en\/akin-eldesserdar-oztopmask-live-beyoglu-26122012-2200\/","title":{"rendered":"Ak\u0131n Eldes&#038;Serdar \u00d6ztop@Mask Live Beyo\u011flu, 26\/12\/2012 22:00"},"content":{"rendered":"<p><a href=\"http:\/\/www.serdaroztop.com\/wp-content\/uploads\/ak\u0131neldesserdar\u00f6ztop-554x380.jpg\"><img loading=\"lazy\" decoding=\"async\" src=\"http:\/\/www.serdaroztop.com\/wp-content\/uploads\/ak\u0131neldesserdar\u00f6ztop-554x380.jpg\" alt=\"\" title=\"ak\u0131neldesserdar\u00f6ztop-554x380\" width=\"554\" height=\"380\" class=\"alignnone size-full wp-image-120\" srcset=\"https:\/\/www.serdaroztop.com\/wp-content\/uploads\/ak\u0131neldesserdar\u00f6ztop-554x380.jpg 554w, https:\/\/www.serdaroztop.com\/wp-content\/uploads\/ak\u0131neldesserdar\u00f6ztop-554x380-300x205.jpg 300w, https:\/\/www.serdaroztop.com\/wp-content\/uploads\/ak\u0131neldesserdar\u00f6ztop-554x380-437x300.jpg 437w\" sizes=\"auto, (max-width: 554px) 100vw, 554px\" \/><\/a><\/p>\n<p>\nAk\u0131n Eldes &#038; Serdar \u00d6ztopAyn\u0131 Sahnede Gitarlar\u0131n\u0131 Konu\u015fturuyorlar!<\/p>\n<p>\nT\u00fcrkiye\u2019de gitar denince ilk akla gelen isimlerden olan Ak\u0131n Eldes ve Serdar \u00d6ztop, gerek solo alb\u00fcmleri gerekse \u00fcnl\u00fc grup ve sanat\u00e7\u0131larla yapt\u0131klar\u0131 \u00e7al\u0131\u015fmalarla adlar\u0131ndan \u00f6vg\u00fcyle bahsettirmekteler. Ortak paydalar\u0131nda Bulutsuzluk \u00d6zlemi ve Haluk Levent gibi iki \u00fcnl\u00fc isim bulunan usta gitaristler, kulaklarda yer etmi\u015f soundlar\u0131n\u0131n ve \u00e7alma tekniklerinin i\u00e7 i\u00e7e ge\u00e7ti\u011fi bir m\u00fczik ziyafeti sunmak \u00fczere ayn\u0131 sahnedeler.<br \/>\nGe\u00e7ti\u011fimiz sezon Bulutsuzluk \u00d6zlemi Eski Gitaristleriyle Bulu\u015fuyor ba\u015fl\u0131\u011f\u0131 alt\u0131nda yap\u0131lan ve b\u00fcy\u00fck ilgi g\u00f6ren konserlerde ilk kez bir araya gelen ikili, \u015fimdi de kendi bestelerinin a\u011f\u0131rl\u0131kta oldu\u011fu bir repertuarla sahnede bulu\u015fuyor.<br \/>\nKonserlerde davulda G\u00f6k\u00e7e Dayan\u00e7 ve bas gitarda Ender Y\u0131lmaz ikiliye e\u015flik edecek.<\/p>\n","protected":false},"excerpt":{"rendered":"<p>Ak\u0131n Eldes &#038; Serdar \u00d6ztopAyn\u0131 Sahnede Gitarlar\u0131n\u0131 Konu\u015fturuyorlar! T\u00fcrkiye\u2019de gitar denince ilk akla gelen isimlerden olan Ak\u0131n Eldes ve Serdar \u00d6ztop, gerek solo alb\u00fcmleri gerekse \u00fcnl\u00fc grup ve sanat\u00e7\u0131larla yapt\u0131klar\u0131 \u00e7al\u0131\u015fmalarla adlar\u0131ndan \u00f6vg\u00fcyle bahsettirmekteler. Ortak paydalar\u0131nda Bulutsuzluk \u00d6zlemi ve Haluk Levent gibi iki \u00fcnl\u00fc isim bulunan usta gitaristler, kulaklarda yer etmi\u015f soundlar\u0131n\u0131n ve \u00e7alma tekniklerinin &hellip; <\/p>\n<p class=\"link-more\"><a href=\"https:\/\/www.serdaroztop.com\/en\/akin-eldesserdar-oztopmask-live-beyoglu-26122012-2200\/\" class=\"more-link\">Continue reading<span class=\"screen-reader-text\"> &#8220;Ak\u0131n Eldes&#038;Serdar \u00d6ztop@Mask Live Beyo\u011flu, 26\/12\/2012 22:00&#8221;<\/span><\/a><\/p>\n","protected":false},"author":1,"featured_media":0,"comment_status":"open","ping_status":"open","sticky":false,"template":"","format":"standard","meta":{"jetpack_post_was_ever_published":false,"_jetpack_newsletter_access":"","_jetpack_dont_email_post_to_subs":false,"_jetpack_newsletter_tier_id":0,"_jetpack_memberships_contains_paywalled_content":false,"_jetpack_memberships_contains_paid_content":false,"footnotes":"","jetpack_publicize_message":"","jetpack_publicize_feature_enabled":true,"jetpack_social_post_already_shared":false,"jetpack_social_options":{"image_generator_settings":{"template":"highway","default_image_id":0,"font":"","enabled":false},"version":2}},"categories":[4],"tags":[],"class_list":["post-119","post","type-post","status-publish","format-standard","hentry","category-concert"],"jetpack_publicize_connections":[],"jetpack_featured_media_url":"","jetpack_sharing_enabled":true,"jetpack_likes_enabled":true,"_links":{"self":[{"href":"https:\/\/www.serdaroztop.com\/en\/wp-json\/wp\/v2\/posts\/119","targetHints":{"allow":["GET"]}}],"collection":[{"href":"https:\/\/www.serdaroztop.com\/en\/wp-json\/wp\/v2\/posts"}],"about":[{"href":"https:\/\/www.serdaroztop.com\/en\/wp-json\/wp\/v2\/types\/post"}],"author":[{"embeddable":true,"href":"https:\/\/www.serdaroztop.com\/en\/wp-json\/wp\/v2\/users\/1"}],"replies":[{"embeddable":true,"href":"https:\/\/www.serdaroztop.com\/en\/wp-json\/wp\/v2\/comments?post=119"}],"version-history":[{"count":2,"href":"https:\/\/www.serdaroztop.com\/en\/wp-json\/wp\/v2\/posts\/119\/revisions"}],"predecessor-version":[{"id":122,"href":"https:\/\/www.serdaroztop.com\/en\/wp-json\/wp\/v2\/posts\/119\/revisions\/122"}],"wp:attachment":[{"href":"https:\/\/www.serdaroztop.com\/en\/wp-json\/wp\/v2\/media?parent=119"}],"wp:term":[{"taxonomy":"category","embeddable":true,"href":"https:\/\/www.serdaroztop.com\/en\/wp-json\/wp\/v2\/categories?post=119"},{"taxonomy":"post_tag","embeddable":true,"href":"https:\/\/www.serdaroztop.com\/en\/wp-json\/wp\/v2\/tags?post=119"}],"curies":[{"name":"wp","href":"https:\/\/api.w.org\/{rel}","templated":true}]}}